{"id":2510,"date":"2023-08-28T23:19:59","date_gmt":"2023-08-28T20:19:59","guid":{"rendered":"https:\/\/es-exchange.com\/haberler\/?p=2510"},"modified":"2023-08-28T23:19:59","modified_gmt":"2023-08-28T20:19:59","slug":"turkiye-ve-suudi-arabistan-arasinda-ekonomik-isbirligi","status":"publish","type":"post","link":"https:\/\/es-exchange.com\/haberler\/?p=2510","title":{"rendered":"T\u00fcrkiye ve Suudi Arabistan aras\u0131nda ekonomik i\u015fbirli\u011fi"},"content":{"rendered":"<div class=\"news-content\">\n<p>\n\tTicaret Bakan\u0131 \u00d6mer Bolat, konuya ili\u015fkin olarak sosyal medya platformundan payla\u015f\u0131mda bulundu.<\/p>\n<p>\n\tEl-Harif ve heyetiyle bakanl\u0131kta bir araya geldiklerini bildiren Bolat, \u015fu de\u011ferlendirmede bulundu:<\/p>\n<p>\n\t&#8220;Suudi Arabistan ve T\u00fcrkiye aras\u0131ndaki kar\u015f\u0131l\u0131kl\u0131 ticareti ve \u00f6zellikle imalat sekt\u00f6r\u00fcnde kar\u015f\u0131l\u0131kl\u0131 yat\u0131r\u0131mlar\u0131m\u0131z\u0131 art\u0131rmak \u00fczere g\u00fc\u00e7l\u00fc bir plan hayata ge\u00e7irece\u011fiz. Bu kapsamda \u00f6zellikle ihracat stratejilerimiz ve sekt\u00f6rel ortakl\u0131klar alan\u0131nda i\u015fbirli\u011fine y\u00f6nelik bir mutabakat zapt\u0131n\u0131 da \u00f6n\u00fcm\u00fczdeki g\u00fcnlerde imzalayaca\u011f\u0131z.&#8221;<\/p>\n<\/p>\n<p><img decoding=\"async\" alt=\"T\u00fcrkiye ve Suudi Arabistan aras\u0131nda ekonomik i\u015fbirli\u011fi\" src=\"https:\/\/www.trthaber.com\/dosyalar\/images\/5054_dhaphoto1.jpg\"><\/p>\n<p>\n\tBolat, Cumhurba\u015fkan\u0131 Recep Tayyip Erdo\u011fan&#8217;\u0131n ge\u00e7en ay ger\u00e7ekle\u015ftirdi\u011fi Cidde ziyaretinin ard\u0131ndan in\u015fa edilecek bu i\u015fbirli\u011fiyle, Suudi Arabistan Ulusal Sanayi ve Madencilik Stratejisi ve &#8220;Suudi 2030 Vizyonu&#8221; \u00e7er\u00e7evesinde T\u00fcrk firmalar\u0131n\u0131n Suudi Arabistan&#8217;daki projelerden daha fazla pay almalar\u0131 hususunda ortak \u00e7al\u0131\u015fmaya devam edeceklerini kaydetti.<\/p>\n<div class=\"news-tags\">\n<div class=\"title\">ET\u0130KETLER<\/div>\n<div class=\"tags\">\n                                                                            \u00d6mer Bolat<br \/>\n                                                                            Suudi Arabistan\n                                                                    <\/div>\n<\/p><\/div>\n<\/p><\/div>\n","protected":false},"excerpt":{"rendered":"<p>Ticaret Bakan\u0131 \u00d6mer Bolat, konuya ili\u015fkin olarak sosyal medya platformundan payla\u015f\u0131mda bulundu. El-Harif ve heyetiyle&#8230;<\/p>\n","protected":false},"author":1,"featured_media":2511,"comment_status":"open","ping_status":"open","sticky":false,"template":"","format":"standard","meta":{"footnotes":""},"categories":[1],"tags":[558,798,41,2137,557,538],"class_list":["post-2510","post","type-post","status-publish","format-standard","has-post-thumbnail","hentry","category-ekonomi-haberleri","tag-arabistan","tag-arasinda","tag-ekonomik","tag-isbirligi","tag-suudi","tag-turkiye"],"yoast_head":"<!-- This site is optimized with the Yoast SEO plugin v20.6 - https:\/\/yoast.com\/wordpress\/plugins\/seo\/ -->\n<title>T\u00fcrkiye ve Suudi Arabistan aras\u0131nda ekonomik i\u015fbirli\u011fi - Es-Exchange Ekonomi Haberleri<\/title>\n<meta name=\"robots\" content=\"index, follow, max-snippet:-1, max-image-preview:large, max-video-preview:-1\" \/>\n<link rel=\"canonical\" href=\"https:\/\/es-exchange.com\/haberler\/?p=2510\" \/>\n<meta property=\"og:locale\" content=\"tr_TR\" \/>\n<meta property=\"og:type\" content=\"article\" \/>\n<meta property=\"og:title\" content=\"T\u00fcrkiye ve Suudi Arabistan aras\u0131nda ekonomik i\u015fbirli\u011fi - Es-Exchange Ekonomi Haberleri\" \/>\n<meta property=\"og:description\" content=\"Ticaret Bakan\u0131 \u00d6mer Bolat, konuya ili\u015fkin olarak sosyal medya platformundan payla\u015f\u0131mda bulundu. El-Harif ve heyetiyle...\" \/>\n<meta property=\"og:url\" content=\"https:\/\/es-exchange.com\/haberler\/?p=2510\" \/>\n<meta property=\"og:site_name\" content=\"Es-Exchange Ekonomi Haberleri\" \/>\n<meta property=\"article:published_time\" content=\"2023-08-28T20:19:59+00:00\" \/>\n<meta property=\"og:image\" content=\"https:\/\/www.trthaber.com\/dosyalar\/images\/5054_dhaphoto1.jpg\" \/>\n<meta name=\"author\" content=\"SysAdmin\" \/>\n<meta name=\"twitter:card\" content=\"summary_large_image\" \/>\n<meta name=\"twitter:label1\" content=\"Yazan:\" \/>\n\t<meta name=\"twitter:data1\" content=\"SysAdmin\" \/>\n\t<meta name=\"twitter:label2\" content=\"Tahmini okuma s\u00fcresi\" \/>\n\t<meta name=\"twitter:data2\" content=\"1 dakika\" \/>\n<script type=\"application\/ld+json\" class=\"yoast-schema-graph\">{\"@context\":\"https:\/\/schema.org\",\"@graph\":[{\"@type\":\"WebPage\",\"@id\":\"https:\/\/es-exchange.com\/haberler\/?p=2510\",\"url\":\"https:\/\/es-exchange.com\/haberler\/?p=2510\",\"name\":\"T\u00fcrkiye ve Suudi Arabistan aras\u0131nda ekonomik i\u015fbirli\u011fi - Es-Exchange Ekonomi Haberleri\",\"isPartOf\":{\"@id\":\"https:\/\/es-exchange.com\/haberler\/#website\"},\"datePublished\":\"2023-08-28T20:19:59+00:00\",\"dateModified\":\"2023-08-28T20:19:59+00:00\",\"author\":{\"@id\":\"https:\/\/es-exchange.com\/haberler\/#\/schema\/person\/158dd5fa81df3834f5b3789301ac67bc\"},\"breadcrumb\":{\"@id\":\"https:\/\/es-exchange.com\/haberler\/?p=2510#breadcrumb\"},\"inLanguage\":\"tr\",\"potentialAction\":[{\"@type\":\"ReadAction\",\"target\":[\"https:\/\/es-exchange.com\/haberler\/?p=2510\"]}]},{\"@type\":\"BreadcrumbList\",\"@id\":\"https:\/\/es-exchange.com\/haberler\/?p=2510#breadcrumb\",\"itemListElement\":[{\"@type\":\"ListItem\",\"position\":1,\"name\":\"Anasayfa\",\"item\":\"https:\/\/es-exchange.com\/haberler\"},{\"@type\":\"ListItem\",\"position\":2,\"name\":\"T\u00fcrkiye ve Suudi Arabistan aras\u0131nda ekonomik i\u015fbirli\u011fi\"}]},{\"@type\":\"WebSite\",\"@id\":\"https:\/\/es-exchange.com\/haberler\/#website\",\"url\":\"https:\/\/es-exchange.com\/haberler\/\",\"name\":\"Es-Exchange Ekonomi Haberleri\",\"description\":\"\",\"potentialAction\":[{\"@type\":\"SearchAction\",\"target\":{\"@type\":\"EntryPoint\",\"urlTemplate\":\"https:\/\/es-exchange.com\/haberler\/?s={search_term_string}\"},\"query-input\":\"required name=search_term_string\"}],\"inLanguage\":\"tr\"},{\"@type\":\"Person\",\"@id\":\"https:\/\/es-exchange.com\/haberler\/#\/schema\/person\/158dd5fa81df3834f5b3789301ac67bc\",\"name\":\"SysAdmin\",\"image\":{\"@type\":\"ImageObject\",\"inLanguage\":\"tr\",\"@id\":\"https:\/\/es-exchange.com\/haberler\/#\/schema\/person\/image\/\",\"url\":\"https:\/\/secure.gravatar.com\/avatar\/97e85c10026bf595e73c516bd77b6b8763a73b584e665e0c1425bd2e7295d7b6?s=96&d=mm&r=g\",\"contentUrl\":\"https:\/\/secure.gravatar.com\/avatar\/97e85c10026bf595e73c516bd77b6b8763a73b584e665e0c1425bd2e7295d7b6?s=96&d=mm&r=g\",\"caption\":\"SysAdmin\"},\"sameAs\":[\"https:\/\/es-exchange.com\/haberler\"],\"url\":\"https:\/\/es-exchange.com\/haberler\/?author=1\"}]}<\/script>\n<!-- \/ Yoast SEO plugin. -->","yoast_head_json":{"title":"T\u00fcrkiye ve Suudi Arabistan aras\u0131nda ekonomik i\u015fbirli\u011fi - Es-Exchange Ekonomi Haberleri","robots":{"index":"index","follow":"follow","max-snippet":"max-snippet:-1","max-image-preview":"max-image-preview:large","max-video-preview":"max-video-preview:-1"},"canonical":"https:\/\/es-exchange.com\/haberler\/?p=2510","og_locale":"tr_TR","og_type":"article","og_title":"T\u00fcrkiye ve Suudi Arabistan aras\u0131nda ekonomik i\u015fbirli\u011fi - Es-Exchange Ekonomi Haberleri","og_description":"Ticaret Bakan\u0131 \u00d6mer Bolat, konuya ili\u015fkin olarak sosyal medya platformundan payla\u015f\u0131mda bulundu. El-Harif ve heyetiyle...","og_url":"https:\/\/es-exchange.com\/haberler\/?p=2510","og_site_name":"Es-Exchange Ekonomi Haberleri","article_published_time":"2023-08-28T20:19:59+00:00","og_image":[{"url":"https:\/\/www.trthaber.com\/dosyalar\/images\/5054_dhaphoto1.jpg"}],"author":"SysAdmin","twitter_card":"summary_large_image","twitter_misc":{"Yazan:":"SysAdmin","Tahmini okuma s\u00fcresi":"1 dakika"},"schema":{"@context":"https:\/\/schema.org","@graph":[{"@type":"WebPage","@id":"https:\/\/es-exchange.com\/haberler\/?p=2510","url":"https:\/\/es-exchange.com\/haberler\/?p=2510","name":"T\u00fcrkiye ve Suudi Arabistan aras\u0131nda ekonomik i\u015fbirli\u011fi - Es-Exchange Ekonomi Haberleri","isPartOf":{"@id":"https:\/\/es-exchange.com\/haberler\/#website"},"datePublished":"2023-08-28T20:19:59+00:00","dateModified":"2023-08-28T20:19:59+00:00","author":{"@id":"https:\/\/es-exchange.com\/haberler\/#\/schema\/person\/158dd5fa81df3834f5b3789301ac67bc"},"breadcrumb":{"@id":"https:\/\/es-exchange.com\/haberler\/?p=2510#breadcrumb"},"inLanguage":"tr","potentialAction":[{"@type":"ReadAction","target":["https:\/\/es-exchange.com\/haberler\/?p=2510"]}]},{"@type":"BreadcrumbList","@id":"https:\/\/es-exchange.com\/haberler\/?p=2510#breadcrumb","itemListElement":[{"@type":"ListItem","position":1,"name":"Anasayfa","item":"https:\/\/es-exchange.com\/haberler"},{"@type":"ListItem","position":2,"name":"T\u00fcrkiye ve Suudi Arabistan aras\u0131nda ekonomik i\u015fbirli\u011fi"}]},{"@type":"WebSite","@id":"https:\/\/es-exchange.com\/haberler\/#website","url":"https:\/\/es-exchange.com\/haberler\/","name":"Es-Exchange Ekonomi Haberleri","description":"","potentialAction":[{"@type":"SearchAction","target":{"@type":"EntryPoint","urlTemplate":"https:\/\/es-exchange.com\/haberler\/?s={search_term_string}"},"query-input":"required name=search_term_string"}],"inLanguage":"tr"},{"@type":"Person","@id":"https:\/\/es-exchange.com\/haberler\/#\/schema\/person\/158dd5fa81df3834f5b3789301ac67bc","name":"SysAdmin","image":{"@type":"ImageObject","inLanguage":"tr","@id":"https:\/\/es-exchange.com\/haberler\/#\/schema\/person\/image\/","url":"https:\/\/secure.gravatar.com\/avatar\/97e85c10026bf595e73c516bd77b6b8763a73b584e665e0c1425bd2e7295d7b6?s=96&d=mm&r=g","contentUrl":"https:\/\/secure.gravatar.com\/avatar\/97e85c10026bf595e73c516bd77b6b8763a73b584e665e0c1425bd2e7295d7b6?s=96&d=mm&r=g","caption":"SysAdmin"},"sameAs":["https:\/\/es-exchange.com\/haberler"],"url":"https:\/\/es-exchange.com\/haberler\/?author=1"}]}},"_links":{"self":[{"href":"https:\/\/es-exchange.com\/haberler\/index.php?rest_route=\/wp\/v2\/posts\/2510","targetHints":{"allow":["GET"]}}],"collection":[{"href":"https:\/\/es-exchange.com\/haberler\/index.php?rest_route=\/wp\/v2\/posts"}],"about":[{"href":"https:\/\/es-exchange.com\/haberler\/index.php?rest_route=\/wp\/v2\/types\/post"}],"author":[{"embeddable":true,"href":"https:\/\/es-exchange.com\/haberler\/index.php?rest_route=\/wp\/v2\/users\/1"}],"replies":[{"embeddable":true,"href":"https:\/\/es-exchange.com\/haberler\/index.php?rest_route=%2Fwp%2Fv2%2Fcomments&post=2510"}],"version-history":[{"count":0,"href":"https:\/\/es-exchange.com\/haberler\/index.php?rest_route=\/wp\/v2\/posts\/2510\/revisions"}],"wp:featuredmedia":[{"embeddable":true,"href":"https:\/\/es-exchange.com\/haberler\/index.php?rest_route=\/wp\/v2\/media\/2511"}],"wp:attachment":[{"href":"https:\/\/es-exchange.com\/haberler\/index.php?rest_route=%2Fwp%2Fv2%2Fmedia&parent=2510"}],"wp:term":[{"taxonomy":"category","embeddable":true,"href":"https:\/\/es-exchange.com\/haberler\/index.php?rest_route=%2Fwp%2Fv2%2Fcategories&post=2510"},{"taxonomy":"post_tag","embeddable":true,"href":"https:\/\/es-exchange.com\/haberler\/index.php?rest_route=%2Fwp%2Fv2%2Ftags&post=2510"}],"curies":[{"name":"wp","href":"https:\/\/api.w.org\/{rel}","templated":true}]}}