{"id":31,"date":"2023-04-28T09:22:14","date_gmt":"2023-04-28T06:22:14","guid":{"rendered":"https:\/\/es-exchange.com\/haberler\/?p=31"},"modified":"2023-04-28T09:22:14","modified_gmt":"2023-04-28T06:22:14","slug":"arjantin-cine-1-milyar-dolari-asan-ithalat-odemesini-yuan-ile-yapacagini-duyurdu","status":"publish","type":"post","link":"https:\/\/es-exchange.com\/haberler\/?p=31","title":{"rendered":"Arjantin, \u00c7in&#8217;e 1 milyar dolar\u0131 a\u015fan ithalat \u00f6demesini yuan ile yapaca\u011f\u0131n\u0131 duyurdu"},"content":{"rendered":"<div class=\"news-content\">\n<p>\n\tArjantin, Merkez Bankas\u0131&#8217;nda ya\u015fan\u0131lan rezerv kayb\u0131n\u0131 azaltmak amac\u0131yla \u00c7in&#8217;e borcunu ABD dolar\u0131 yerine \u00c7in yuan\u0131 ile yapaca\u011f\u0131n\u0131 duyurdu.<\/p>\n<p>\n\tBu arada, \u00c7in&#8217;in Buenos Aires B\u00fcy\u00fckel\u00e7isi Zou Xiaoli ve \u00e7e\u015fitli sekt\u00f6rlerin temsilcileriyle g\u00f6r\u00fc\u015fen Sergio Massa da \u00c7in&#8217;e 1 milyar dolar\u0131 a\u015fan ithalat \u00f6demesini yuan ile yapma konusunda \u00c7in ile anla\u015fmaya vard\u0131klar\u0131n\u0131 belirtti.<\/p>\n<p>\n\tMassa, \u00fclke tarihinin en k\u00f6t\u00fc kurakl\u0131\u011f\u0131 nedeniyle 15 milyar dolarl\u0131k bir kay\u0131p ya\u015fad\u0131klar\u0131n\u0131 hat\u0131rlatarak, &#8220;Rezervleri \u00e7al\u0131\u015f\u0131r durumda ve g\u00fc\u00e7l\u00fc tutma zorlu\u011fuyla kar\u015f\u0131 kar\u015f\u0131yay\u0131z.&#8221; ifadesini kulland\u0131.<\/p>\n<p>\n\t\u00c7in ile anla\u015fma kapsam\u0131nda, Arjantinli \u015firketler \u00c7in&#8217;den nisan ay\u0131nda yapt\u0131klar\u0131 1 milyar 70 milyon dolarl\u0131k ithalat kar\u015f\u0131l\u0131\u011f\u0131ndaki \u00f6demeyi \u00c7in yuan\u0131 ile yapacak.<\/p>\n<p>\n\tMay\u0131s ay\u0131nda planlanan miktar\u0131n ise 790 milyon dolar civar\u0131nda olmas\u0131 bekleniyor.<\/p>\n<p>\n\tDevlet Ba\u015fkan\u0131 Alberto Fernandez, Arjantin pezosunun serbest piyasada de\u011fer kaybetmesine de\u011finerek, &#8220;Arjantin&#8217;de y\u00fckselen k\u00fcresel bir kriz ya\u015f\u0131yoruz, bu kesinlikle do\u011fru. Arjantin sa\u011f\u0131n\u0131n kal\u0131c\u0131 bir uygulamas\u0131d\u0131r. \u00d6nce sabah s\u00f6ylenti yayarlar, t\u00fcm g\u00fcn beklerler ve \u00f6\u011fleden sonra d\u00f6viz piyasas\u0131ndan karlar\u0131n\u0131 \u00e7ekerler. Arjantililerin birikimlerine zarar veriyorlar&#8221; de\u011ferlendirmesinde bulundu.<\/p>\n<p>\n\tResmi rakamlara g\u00f6re, Arjantin 2022&#8217;de yapt\u0131\u011f\u0131 ithalat\u0131n y\u00fczde 21&#8217;ini \u00c7in&#8217;den ger\u00e7ekle\u015ftirdi.<\/p>\n<p>\n\t\u00c7in Merkez Bankas\u0131 ile Arjantin Merkez Bankas\u0131 aras\u0131nda Kas\u0131m 2022&#8217;de swap anla\u015fmas\u0131 yap\u0131lm\u0131\u015f ve dolar yerine yuan ile \u00f6deme yap\u0131laca\u011f\u0131 duyurulmu\u015ftu.<\/p>\n<p>\n\tAlberto Fernandez&#8217;in g\u00f6reve gelmesiyle Arjantin ile \u00c7in ili\u015fkilerinde ilerleme sa\u011flanm\u0131\u015f ve ili\u015fkiler Kovid-19 salg\u0131n\u0131nda \u00c7in&#8217;in, Arjantin&#8217;in a\u015f\u0131lara eri\u015fimine katk\u0131 sa\u011flamas\u0131yla peki\u015fmi\u015fti.<\/p>\n<p>\n\tHalihaz\u0131rda \u00c7in, Arjantin&#8217;in en b\u00fcy\u00fck ikinci ticaret orta\u011f\u0131 ve en \u00e7ok ihracat yapt\u0131\u011f\u0131 ikinci \u00fclke olarak \u00f6ne \u00e7\u0131k\u0131yor.<\/p>\n<\/p><\/div>\n","protected":false},"excerpt":{"rendered":"<p>Arjantin, Merkez Bankas\u0131&#8217;nda ya\u015fan\u0131lan rezerv kayb\u0131n\u0131 azaltmak amac\u0131yla \u00c7in&#8217;e borcunu ABD dolar\u0131 yerine \u00c7in yuan\u0131&#8230;<\/p>\n","protected":false},"author":1,"featured_media":32,"comment_status":"open","ping_status":"open","sticky":false,"template":"","format":"standard","meta":{"footnotes":""},"categories":[1],"tags":[53,56,54,55,9,60,57,25,58,61,59],"class_list":["post-31","post","type-post","status-publish","format-standard","has-post-thumbnail","hentry","category-ekonomi-haberleri","tag-arjantin","tag-asan","tag-cine","tag-dolari","tag-duyurdu","tag-ile","tag-ithalat","tag-milyar","tag-odemesini","tag-yapacagini","tag-yuan"],"yoast_head":"<!-- This site is optimized with the Yoast SEO plugin v20.6 - https:\/\/yoast.com\/wordpress\/plugins\/seo\/ -->\n<title>Arjantin, \u00c7in&#039;e 1 milyar dolar\u0131 a\u015fan ithalat \u00f6demesini yuan ile yapaca\u011f\u0131n\u0131 duyurdu - Es-Exchange Ekonomi Haberleri<\/title>\n<meta name=\"robots\" content=\"index, follow, max-snippet:-1, max-image-preview:large, max-video-preview:-1\" \/>\n<link rel=\"canonical\" href=\"https:\/\/es-exchange.com\/haberler\/?p=31\" \/>\n<meta property=\"og:locale\" content=\"tr_TR\" \/>\n<meta property=\"og:type\" content=\"article\" \/>\n<meta property=\"og:title\" content=\"Arjantin, \u00c7in&#039;e 1 milyar dolar\u0131 a\u015fan ithalat \u00f6demesini yuan ile yapaca\u011f\u0131n\u0131 duyurdu - Es-Exchange Ekonomi Haberleri\" \/>\n<meta property=\"og:description\" content=\"Arjantin, Merkez Bankas\u0131&#8217;nda ya\u015fan\u0131lan rezerv kayb\u0131n\u0131 azaltmak amac\u0131yla \u00c7in&#8217;e borcunu ABD dolar\u0131 yerine \u00c7in yuan\u0131...\" \/>\n<meta property=\"og:url\" content=\"https:\/\/es-exchange.com\/haberler\/?p=31\" \/>\n<meta property=\"og:site_name\" content=\"Es-Exchange Ekonomi Haberleri\" \/>\n<meta property=\"article:published_time\" content=\"2023-04-28T06:22:14+00:00\" \/>\n<meta property=\"og:image\" content=\"https:\/\/es-exchange.com\/haberler\/wp-content\/uploads\/2023\/04\/yuan-reu-1943472.jpg\" \/>\n\t<meta property=\"og:image:width\" content=\"1280\" \/>\n\t<meta property=\"og:image:height\" content=\"720\" \/>\n\t<meta property=\"og:image:type\" content=\"image\/jpeg\" \/>\n<meta name=\"author\" content=\"SysAdmin\" \/>\n<meta name=\"twitter:card\" content=\"summary_large_image\" \/>\n<meta name=\"twitter:label1\" content=\"Yazan:\" \/>\n\t<meta name=\"twitter:data1\" content=\"SysAdmin\" \/>\n\t<meta name=\"twitter:label2\" content=\"Tahmini okuma s\u00fcresi\" \/>\n\t<meta name=\"twitter:data2\" content=\"2 dakika\" \/>\n<script type=\"application\/ld+json\" class=\"yoast-schema-graph\">{\"@context\":\"https:\/\/schema.org\",\"@graph\":[{\"@type\":\"WebPage\",\"@id\":\"https:\/\/es-exchange.com\/haberler\/?p=31\",\"url\":\"https:\/\/es-exchange.com\/haberler\/?p=31\",\"name\":\"Arjantin, \u00c7in'e 1 milyar dolar\u0131 a\u015fan ithalat \u00f6demesini yuan ile yapaca\u011f\u0131n\u0131 duyurdu - Es-Exchange Ekonomi Haberleri\",\"isPartOf\":{\"@id\":\"https:\/\/es-exchange.com\/haberler\/#website\"},\"datePublished\":\"2023-04-28T06:22:14+00:00\",\"dateModified\":\"2023-04-28T06:22:14+00:00\",\"author\":{\"@id\":\"https:\/\/es-exchange.com\/haberler\/#\/schema\/person\/158dd5fa81df3834f5b3789301ac67bc\"},\"breadcrumb\":{\"@id\":\"https:\/\/es-exchange.com\/haberler\/?p=31#breadcrumb\"},\"inLanguage\":\"tr\",\"potentialAction\":[{\"@type\":\"ReadAction\",\"target\":[\"https:\/\/es-exchange.com\/haberler\/?p=31\"]}]},{\"@type\":\"BreadcrumbList\",\"@id\":\"https:\/\/es-exchange.com\/haberler\/?p=31#breadcrumb\",\"itemListElement\":[{\"@type\":\"ListItem\",\"position\":1,\"name\":\"Anasayfa\",\"item\":\"https:\/\/es-exchange.com\/haberler\"},{\"@type\":\"ListItem\",\"position\":2,\"name\":\"Arjantin, \u00c7in&#8217;e 1 milyar dolar\u0131 a\u015fan ithalat \u00f6demesini yuan ile yapaca\u011f\u0131n\u0131 duyurdu\"}]},{\"@type\":\"WebSite\",\"@id\":\"https:\/\/es-exchange.com\/haberler\/#website\",\"url\":\"https:\/\/es-exchange.com\/haberler\/\",\"name\":\"Es-Exchange Ekonomi Haberleri\",\"description\":\"\",\"potentialAction\":[{\"@type\":\"SearchAction\",\"target\":{\"@type\":\"EntryPoint\",\"urlTemplate\":\"https:\/\/es-exchange.com\/haberler\/?s={search_term_string}\"},\"query-input\":\"required name=search_term_string\"}],\"inLanguage\":\"tr\"},{\"@type\":\"Person\",\"@id\":\"https:\/\/es-exchange.com\/haberler\/#\/schema\/person\/158dd5fa81df3834f5b3789301ac67bc\",\"name\":\"SysAdmin\",\"image\":{\"@type\":\"ImageObject\",\"inLanguage\":\"tr\",\"@id\":\"https:\/\/es-exchange.com\/haberler\/#\/schema\/person\/image\/\",\"url\":\"https:\/\/secure.gravatar.com\/avatar\/97e85c10026bf595e73c516bd77b6b8763a73b584e665e0c1425bd2e7295d7b6?s=96&d=mm&r=g\",\"contentUrl\":\"https:\/\/secure.gravatar.com\/avatar\/97e85c10026bf595e73c516bd77b6b8763a73b584e665e0c1425bd2e7295d7b6?s=96&d=mm&r=g\",\"caption\":\"SysAdmin\"},\"sameAs\":[\"https:\/\/es-exchange.com\/haberler\"],\"url\":\"https:\/\/es-exchange.com\/haberler\/?author=1\"}]}<\/script>\n<!-- \/ Yoast SEO plugin. -->","yoast_head_json":{"title":"Arjantin, \u00c7in'e 1 milyar dolar\u0131 a\u015fan ithalat \u00f6demesini yuan ile yapaca\u011f\u0131n\u0131 duyurdu - Es-Exchange Ekonomi Haberleri","robots":{"index":"index","follow":"follow","max-snippet":"max-snippet:-1","max-image-preview":"max-image-preview:large","max-video-preview":"max-video-preview:-1"},"canonical":"https:\/\/es-exchange.com\/haberler\/?p=31","og_locale":"tr_TR","og_type":"article","og_title":"Arjantin, \u00c7in'e 1 milyar dolar\u0131 a\u015fan ithalat \u00f6demesini yuan ile yapaca\u011f\u0131n\u0131 duyurdu - Es-Exchange Ekonomi Haberleri","og_description":"Arjantin, Merkez Bankas\u0131&#8217;nda ya\u015fan\u0131lan rezerv kayb\u0131n\u0131 azaltmak amac\u0131yla \u00c7in&#8217;e borcunu ABD dolar\u0131 yerine \u00c7in yuan\u0131...","og_url":"https:\/\/es-exchange.com\/haberler\/?p=31","og_site_name":"Es-Exchange Ekonomi Haberleri","article_published_time":"2023-04-28T06:22:14+00:00","og_image":[{"width":1280,"height":720,"url":"https:\/\/es-exchange.com\/haberler\/wp-content\/uploads\/2023\/04\/yuan-reu-1943472.jpg","type":"image\/jpeg"}],"author":"SysAdmin","twitter_card":"summary_large_image","twitter_misc":{"Yazan:":"SysAdmin","Tahmini okuma s\u00fcresi":"2 dakika"},"schema":{"@context":"https:\/\/schema.org","@graph":[{"@type":"WebPage","@id":"https:\/\/es-exchange.com\/haberler\/?p=31","url":"https:\/\/es-exchange.com\/haberler\/?p=31","name":"Arjantin, \u00c7in'e 1 milyar dolar\u0131 a\u015fan ithalat \u00f6demesini yuan ile yapaca\u011f\u0131n\u0131 duyurdu - Es-Exchange Ekonomi Haberleri","isPartOf":{"@id":"https:\/\/es-exchange.com\/haberler\/#website"},"datePublished":"2023-04-28T06:22:14+00:00","dateModified":"2023-04-28T06:22:14+00:00","author":{"@id":"https:\/\/es-exchange.com\/haberler\/#\/schema\/person\/158dd5fa81df3834f5b3789301ac67bc"},"breadcrumb":{"@id":"https:\/\/es-exchange.com\/haberler\/?p=31#breadcrumb"},"inLanguage":"tr","potentialAction":[{"@type":"ReadAction","target":["https:\/\/es-exchange.com\/haberler\/?p=31"]}]},{"@type":"BreadcrumbList","@id":"https:\/\/es-exchange.com\/haberler\/?p=31#breadcrumb","itemListElement":[{"@type":"ListItem","position":1,"name":"Anasayfa","item":"https:\/\/es-exchange.com\/haberler"},{"@type":"ListItem","position":2,"name":"Arjantin, \u00c7in&#8217;e 1 milyar dolar\u0131 a\u015fan ithalat \u00f6demesini yuan ile yapaca\u011f\u0131n\u0131 duyurdu"}]},{"@type":"WebSite","@id":"https:\/\/es-exchange.com\/haberler\/#website","url":"https:\/\/es-exchange.com\/haberler\/","name":"Es-Exchange Ekonomi Haberleri","description":"","potentialAction":[{"@type":"SearchAction","target":{"@type":"EntryPoint","urlTemplate":"https:\/\/es-exchange.com\/haberler\/?s={search_term_string}"},"query-input":"required name=search_term_string"}],"inLanguage":"tr"},{"@type":"Person","@id":"https:\/\/es-exchange.com\/haberler\/#\/schema\/person\/158dd5fa81df3834f5b3789301ac67bc","name":"SysAdmin","image":{"@type":"ImageObject","inLanguage":"tr","@id":"https:\/\/es-exchange.com\/haberler\/#\/schema\/person\/image\/","url":"https:\/\/secure.gravatar.com\/avatar\/97e85c10026bf595e73c516bd77b6b8763a73b584e665e0c1425bd2e7295d7b6?s=96&d=mm&r=g","contentUrl":"https:\/\/secure.gravatar.com\/avatar\/97e85c10026bf595e73c516bd77b6b8763a73b584e665e0c1425bd2e7295d7b6?s=96&d=mm&r=g","caption":"SysAdmin"},"sameAs":["https:\/\/es-exchange.com\/haberler"],"url":"https:\/\/es-exchange.com\/haberler\/?author=1"}]}},"_links":{"self":[{"href":"https:\/\/es-exchange.com\/haberler\/index.php?rest_route=\/wp\/v2\/posts\/31","targetHints":{"allow":["GET"]}}],"collection":[{"href":"https:\/\/es-exchange.com\/haberler\/index.php?rest_route=\/wp\/v2\/posts"}],"about":[{"href":"https:\/\/es-exchange.com\/haberler\/index.php?rest_route=\/wp\/v2\/types\/post"}],"author":[{"embeddable":true,"href":"https:\/\/es-exchange.com\/haberler\/index.php?rest_route=\/wp\/v2\/users\/1"}],"replies":[{"embeddable":true,"href":"https:\/\/es-exchange.com\/haberler\/index.php?rest_route=%2Fwp%2Fv2%2Fcomments&post=31"}],"version-history":[{"count":0,"href":"https:\/\/es-exchange.com\/haberler\/index.php?rest_route=\/wp\/v2\/posts\/31\/revisions"}],"wp:featuredmedia":[{"embeddable":true,"href":"https:\/\/es-exchange.com\/haberler\/index.php?rest_route=\/wp\/v2\/media\/32"}],"wp:attachment":[{"href":"https:\/\/es-exchange.com\/haberler\/index.php?rest_route=%2Fwp%2Fv2%2Fmedia&parent=31"}],"wp:term":[{"taxonomy":"category","embeddable":true,"href":"https:\/\/es-exchange.com\/haberler\/index.php?rest_route=%2Fwp%2Fv2%2Fcategories&post=31"},{"taxonomy":"post_tag","embeddable":true,"href":"https:\/\/es-exchange.com\/haberler\/index.php?rest_route=%2Fwp%2Fv2%2Ftags&post=31"}],"curies":[{"name":"wp","href":"https:\/\/api.w.org\/{rel}","templated":true}]}}