{"id":681,"date":"2023-05-31T12:27:02","date_gmt":"2023-05-31T09:27:02","guid":{"rendered":"https:\/\/es-exchange.com\/haberler\/?p=681"},"modified":"2023-05-31T12:27:02","modified_gmt":"2023-05-31T09:27:02","slug":"hizmet-uretici-fiyat-endeksi-aylik-ve-yillik-bazda-artti","status":"publish","type":"post","link":"https:\/\/es-exchange.com\/haberler\/?p=681","title":{"rendered":"Hizmet \u00dcretici Fiyat Endeksi ayl\u0131k ve y\u0131ll\u0131k bazda artt\u0131"},"content":{"rendered":"<div class=\"news-content\">\n<p>\n\tT\u00fcrkiye \u0130statistik Kurumu, nisan ay\u0131na ili\u015fkin &#8220;Hizmet \u00dcretici Fiyat Endeksi&#8221;nin sonu\u00e7lar\u0131n\u0131 a\u00e7\u0131klad\u0131.<\/p>\n<p>\n\tBuna g\u00f6re, H-\u00dcFE, nisanda bir \u00f6nceki aya k\u0131yasla y\u00fczde 3,9, ge\u00e7en y\u0131l\u0131n aral\u0131k ay\u0131na g\u00f6re y\u00fczde 24,84, ge\u00e7en y\u0131l\u0131n ayn\u0131 ay\u0131na g\u00f6re y\u00fczde 71,81 ve 12 ayl\u0131k ortalamalara g\u00f6re y\u00fczde 87 y\u00fckseldi.<\/p>\n<p>\n\tEndeks ge\u00e7en y\u0131l\u0131n ayn\u0131 ay\u0131na g\u00f6re, ula\u015ft\u0131rma ve depolama hizmetlerinde y\u00fczde 56,9, konaklama ve yiyecek hizmetlerinde y\u00fczde 88,66, bilgi ve ileti\u015fim hizmetlerinde y\u00fczde 75,85, gayrimenkul hizmetlerinde y\u00fczde 76,76, mesleki, bilimsel ve teknik hizmetlerde y\u00fczde 95,58, idari ve destek hizmetlerinde y\u00fczde 89,63 artt\u0131.<\/p>\n<p>\n\tH-\u00dcFE bir \u00f6nceki aya g\u00f6re, ula\u015ft\u0131rma ve depolama hizmetlerinde y\u00fczde 1,32, konaklama ve yiyecek hizmetlerinde y\u00fczde 6,31, bilgi ve ileti\u015fim hizmetlerinde y\u00fczde 7,79, gayrimenkul hizmetlerinde y\u00fczde 5,46, mesleki, bilimsel ve teknik hizmetlerde y\u00fczde 4,66, idari ve destek hizmetlerinde y\u00fczde 6,29 y\u00fckseldi.<\/p>\n<p>\n\tY\u0131ll\u0131k H-\u00dcFE&#8217;ye g\u00f6re 7 alt sekt\u00f6r daha d\u00fc\u015f\u00fck, 20 alt sekt\u00f6r daha y\u00fcksek de\u011fi\u015fim g\u00f6sterdi.<\/p>\n<p>\n\tY\u0131ll\u0131k bazda alt sekt\u00f6rler incelendi\u011finde, su yolu ta\u015f\u0131mac\u0131l\u0131\u011f\u0131 hizmetleri y\u00fczde 9,48, hava yolu ta\u015f\u0131mac\u0131l\u0131\u011f\u0131 hizmetleri y\u00fczde 48,36, depolama ve destek hizmetleri (ta\u015f\u0131mac\u0131l\u0131k i\u00e7in) y\u00fczde 55,55 ile endekslerin en az artt\u0131\u011f\u0131 alt sekt\u00f6rler olarak belirlendi.<\/p>\n<p>\n\tBuna kar\u015f\u0131l\u0131k programc\u0131l\u0131k ve yay\u0131nc\u0131l\u0131k hizmetleri y\u00fczde 141,17, reklamc\u0131l\u0131k ve piyasa ara\u015ft\u0131rmas\u0131 hizmetleri y\u00fczde 130,1, istihdam hizmetleri y\u00fczde 127,08 ile endekslerin en fazla artt\u0131\u011f\u0131 alt sekt\u00f6rler oldu.<\/p>\n<p>\n\tAyl\u0131k H-\u00dcFE&#8217;ye g\u00f6re 9 alt sekt\u00f6r daha d\u00fc\u015f\u00fck, 18 alt sekt\u00f6r daha y\u00fcksek de\u011fi\u015fim kaydetti.<\/p>\n<p>\n\tAyl\u0131k bazda alt sekt\u00f6rler incelendi\u011finde, su yolu ta\u015f\u0131mac\u0131l\u0131\u011f\u0131 hizmetleri y\u00fczde 1,17, bilimsel ara\u015ft\u0131rma ve geli\u015ftirme hizmetleri y\u00fczde 0,43 ile d\u00fc\u015f\u00fc\u015f g\u00f6steren alt sekt\u00f6rler olarak hesapland\u0131.<\/p>\n<p>\n\tBuna kar\u015f\u0131l\u0131k programc\u0131l\u0131k ve yay\u0131nc\u0131l\u0131k hizmetleri y\u00fczde 21,98, reklamc\u0131l\u0131k ve piyasa ara\u015ft\u0131rmas\u0131 hizmetleri y\u00fczde 12,59, sinema filmi, video ve televizyon program\u0131 yap\u0131mc\u0131l\u0131k hizmetleri, ses kayd\u0131 ve m\u00fczik yay\u0131mlama y\u00fczde 11,99 ile endekslerin en fazla artt\u0131\u011f\u0131 alt sekt\u00f6rler olarak kay\u0131tlara ge\u00e7ti.\u00a0<\/p>\n<div class=\"news-tags\">\n<div class=\"title\">ET\u0130KETLER<\/div>\n<div class=\"tags\">\n                                                                            T\u00dc\u0130K\n                                                                    <\/div>\n<\/p><\/div>\n<\/p><\/div>\n","protected":false},"excerpt":{"rendered":"<p>T\u00fcrkiye \u0130statistik Kurumu, nisan ay\u0131na ili\u015fkin &#8220;Hizmet \u00dcretici Fiyat Endeksi&#8221;nin sonu\u00e7lar\u0131n\u0131 a\u00e7\u0131klad\u0131. Buna g\u00f6re, H-\u00dcFE,&#8230;<\/p>\n","protected":false},"author":1,"featured_media":57,"comment_status":"open","ping_status":"open","sticky":false,"template":"","format":"standard","meta":{"footnotes":""},"categories":[1],"tags":[94,587,588,43,114,112,113,161],"class_list":["post-681","post","type-post","status-publish","format-standard","has-post-thumbnail","hentry","category-ekonomi-haberleri","tag-artti","tag-aylik","tag-bazda","tag-endeksi","tag-fiyat","tag-hizmet","tag-uretici","tag-yillik"],"yoast_head":"<!-- This site is optimized with the Yoast SEO plugin v20.6 - https:\/\/yoast.com\/wordpress\/plugins\/seo\/ -->\n<title>Hizmet \u00dcretici Fiyat Endeksi ayl\u0131k ve y\u0131ll\u0131k bazda artt\u0131 - Es-Exchange Ekonomi Haberleri<\/title>\n<meta name=\"robots\" content=\"index, follow, max-snippet:-1, max-image-preview:large, max-video-preview:-1\" \/>\n<link rel=\"canonical\" href=\"https:\/\/es-exchange.com\/haberler\/?p=681\" \/>\n<meta property=\"og:locale\" content=\"tr_TR\" \/>\n<meta property=\"og:type\" content=\"article\" \/>\n<meta property=\"og:title\" content=\"Hizmet \u00dcretici Fiyat Endeksi ayl\u0131k ve y\u0131ll\u0131k bazda artt\u0131 - Es-Exchange Ekonomi Haberleri\" \/>\n<meta property=\"og:description\" content=\"T\u00fcrkiye \u0130statistik Kurumu, nisan ay\u0131na ili\u015fkin &#8220;Hizmet \u00dcretici Fiyat Endeksi&#8221;nin sonu\u00e7lar\u0131n\u0131 a\u00e7\u0131klad\u0131. Buna g\u00f6re, H-\u00dcFE,...\" \/>\n<meta property=\"og:url\" content=\"https:\/\/es-exchange.com\/haberler\/?p=681\" \/>\n<meta property=\"og:site_name\" content=\"Es-Exchange Ekonomi Haberleri\" \/>\n<meta property=\"article:published_time\" content=\"2023-05-31T09:27:02+00:00\" \/>\n<meta name=\"author\" content=\"SysAdmin\" \/>\n<meta name=\"twitter:card\" content=\"summary_large_image\" \/>\n<meta name=\"twitter:label1\" content=\"Yazan:\" \/>\n\t<meta name=\"twitter:data1\" content=\"SysAdmin\" \/>\n\t<meta name=\"twitter:label2\" content=\"Tahmini okuma s\u00fcresi\" \/>\n\t<meta name=\"twitter:data2\" content=\"2 dakika\" \/>\n<script type=\"application\/ld+json\" class=\"yoast-schema-graph\">{\"@context\":\"https:\/\/schema.org\",\"@graph\":[{\"@type\":\"WebPage\",\"@id\":\"https:\/\/es-exchange.com\/haberler\/?p=681\",\"url\":\"https:\/\/es-exchange.com\/haberler\/?p=681\",\"name\":\"Hizmet \u00dcretici Fiyat Endeksi ayl\u0131k ve y\u0131ll\u0131k bazda artt\u0131 - Es-Exchange Ekonomi Haberleri\",\"isPartOf\":{\"@id\":\"https:\/\/es-exchange.com\/haberler\/#website\"},\"datePublished\":\"2023-05-31T09:27:02+00:00\",\"dateModified\":\"2023-05-31T09:27:02+00:00\",\"author\":{\"@id\":\"https:\/\/es-exchange.com\/haberler\/#\/schema\/person\/158dd5fa81df3834f5b3789301ac67bc\"},\"breadcrumb\":{\"@id\":\"https:\/\/es-exchange.com\/haberler\/?p=681#breadcrumb\"},\"inLanguage\":\"tr\",\"potentialAction\":[{\"@type\":\"ReadAction\",\"target\":[\"https:\/\/es-exchange.com\/haberler\/?p=681\"]}]},{\"@type\":\"BreadcrumbList\",\"@id\":\"https:\/\/es-exchange.com\/haberler\/?p=681#breadcrumb\",\"itemListElement\":[{\"@type\":\"ListItem\",\"position\":1,\"name\":\"Anasayfa\",\"item\":\"https:\/\/es-exchange.com\/haberler\"},{\"@type\":\"ListItem\",\"position\":2,\"name\":\"Hizmet \u00dcretici Fiyat Endeksi ayl\u0131k ve y\u0131ll\u0131k bazda artt\u0131\"}]},{\"@type\":\"WebSite\",\"@id\":\"https:\/\/es-exchange.com\/haberler\/#website\",\"url\":\"https:\/\/es-exchange.com\/haberler\/\",\"name\":\"Es-Exchange Ekonomi Haberleri\",\"description\":\"\",\"potentialAction\":[{\"@type\":\"SearchAction\",\"target\":{\"@type\":\"EntryPoint\",\"urlTemplate\":\"https:\/\/es-exchange.com\/haberler\/?s={search_term_string}\"},\"query-input\":\"required name=search_term_string\"}],\"inLanguage\":\"tr\"},{\"@type\":\"Person\",\"@id\":\"https:\/\/es-exchange.com\/haberler\/#\/schema\/person\/158dd5fa81df3834f5b3789301ac67bc\",\"name\":\"SysAdmin\",\"image\":{\"@type\":\"ImageObject\",\"inLanguage\":\"tr\",\"@id\":\"https:\/\/es-exchange.com\/haberler\/#\/schema\/person\/image\/\",\"url\":\"https:\/\/secure.gravatar.com\/avatar\/97e85c10026bf595e73c516bd77b6b8763a73b584e665e0c1425bd2e7295d7b6?s=96&d=mm&r=g\",\"contentUrl\":\"https:\/\/secure.gravatar.com\/avatar\/97e85c10026bf595e73c516bd77b6b8763a73b584e665e0c1425bd2e7295d7b6?s=96&d=mm&r=g\",\"caption\":\"SysAdmin\"},\"sameAs\":[\"https:\/\/es-exchange.com\/haberler\"],\"url\":\"https:\/\/es-exchange.com\/haberler\/?author=1\"}]}<\/script>\n<!-- \/ Yoast SEO plugin. -->","yoast_head_json":{"title":"Hizmet \u00dcretici Fiyat Endeksi ayl\u0131k ve y\u0131ll\u0131k bazda artt\u0131 - Es-Exchange Ekonomi Haberleri","robots":{"index":"index","follow":"follow","max-snippet":"max-snippet:-1","max-image-preview":"max-image-preview:large","max-video-preview":"max-video-preview:-1"},"canonical":"https:\/\/es-exchange.com\/haberler\/?p=681","og_locale":"tr_TR","og_type":"article","og_title":"Hizmet \u00dcretici Fiyat Endeksi ayl\u0131k ve y\u0131ll\u0131k bazda artt\u0131 - Es-Exchange Ekonomi Haberleri","og_description":"T\u00fcrkiye \u0130statistik Kurumu, nisan ay\u0131na ili\u015fkin &#8220;Hizmet \u00dcretici Fiyat Endeksi&#8221;nin sonu\u00e7lar\u0131n\u0131 a\u00e7\u0131klad\u0131. Buna g\u00f6re, H-\u00dcFE,...","og_url":"https:\/\/es-exchange.com\/haberler\/?p=681","og_site_name":"Es-Exchange Ekonomi Haberleri","article_published_time":"2023-05-31T09:27:02+00:00","author":"SysAdmin","twitter_card":"summary_large_image","twitter_misc":{"Yazan:":"SysAdmin","Tahmini okuma s\u00fcresi":"2 dakika"},"schema":{"@context":"https:\/\/schema.org","@graph":[{"@type":"WebPage","@id":"https:\/\/es-exchange.com\/haberler\/?p=681","url":"https:\/\/es-exchange.com\/haberler\/?p=681","name":"Hizmet \u00dcretici Fiyat Endeksi ayl\u0131k ve y\u0131ll\u0131k bazda artt\u0131 - Es-Exchange Ekonomi Haberleri","isPartOf":{"@id":"https:\/\/es-exchange.com\/haberler\/#website"},"datePublished":"2023-05-31T09:27:02+00:00","dateModified":"2023-05-31T09:27:02+00:00","author":{"@id":"https:\/\/es-exchange.com\/haberler\/#\/schema\/person\/158dd5fa81df3834f5b3789301ac67bc"},"breadcrumb":{"@id":"https:\/\/es-exchange.com\/haberler\/?p=681#breadcrumb"},"inLanguage":"tr","potentialAction":[{"@type":"ReadAction","target":["https:\/\/es-exchange.com\/haberler\/?p=681"]}]},{"@type":"BreadcrumbList","@id":"https:\/\/es-exchange.com\/haberler\/?p=681#breadcrumb","itemListElement":[{"@type":"ListItem","position":1,"name":"Anasayfa","item":"https:\/\/es-exchange.com\/haberler"},{"@type":"ListItem","position":2,"name":"Hizmet \u00dcretici Fiyat Endeksi ayl\u0131k ve y\u0131ll\u0131k bazda artt\u0131"}]},{"@type":"WebSite","@id":"https:\/\/es-exchange.com\/haberler\/#website","url":"https:\/\/es-exchange.com\/haberler\/","name":"Es-Exchange Ekonomi Haberleri","description":"","potentialAction":[{"@type":"SearchAction","target":{"@type":"EntryPoint","urlTemplate":"https:\/\/es-exchange.com\/haberler\/?s={search_term_string}"},"query-input":"required name=search_term_string"}],"inLanguage":"tr"},{"@type":"Person","@id":"https:\/\/es-exchange.com\/haberler\/#\/schema\/person\/158dd5fa81df3834f5b3789301ac67bc","name":"SysAdmin","image":{"@type":"ImageObject","inLanguage":"tr","@id":"https:\/\/es-exchange.com\/haberler\/#\/schema\/person\/image\/","url":"https:\/\/secure.gravatar.com\/avatar\/97e85c10026bf595e73c516bd77b6b8763a73b584e665e0c1425bd2e7295d7b6?s=96&d=mm&r=g","contentUrl":"https:\/\/secure.gravatar.com\/avatar\/97e85c10026bf595e73c516bd77b6b8763a73b584e665e0c1425bd2e7295d7b6?s=96&d=mm&r=g","caption":"SysAdmin"},"sameAs":["https:\/\/es-exchange.com\/haberler"],"url":"https:\/\/es-exchange.com\/haberler\/?author=1"}]}},"_links":{"self":[{"href":"https:\/\/es-exchange.com\/haberler\/index.php?rest_route=\/wp\/v2\/posts\/681","targetHints":{"allow":["GET"]}}],"collection":[{"href":"https:\/\/es-exchange.com\/haberler\/index.php?rest_route=\/wp\/v2\/posts"}],"about":[{"href":"https:\/\/es-exchange.com\/haberler\/index.php?rest_route=\/wp\/v2\/types\/post"}],"author":[{"embeddable":true,"href":"https:\/\/es-exchange.com\/haberler\/index.php?rest_route=\/wp\/v2\/users\/1"}],"replies":[{"embeddable":true,"href":"https:\/\/es-exchange.com\/haberler\/index.php?rest_route=%2Fwp%2Fv2%2Fcomments&post=681"}],"version-history":[{"count":0,"href":"https:\/\/es-exchange.com\/haberler\/index.php?rest_route=\/wp\/v2\/posts\/681\/revisions"}],"wp:featuredmedia":[{"embeddable":true,"href":"https:\/\/es-exchange.com\/haberler\/index.php?rest_route=\/wp\/v2\/media\/57"}],"wp:attachment":[{"href":"https:\/\/es-exchange.com\/haberler\/index.php?rest_route=%2Fwp%2Fv2%2Fmedia&parent=681"}],"wp:term":[{"taxonomy":"category","embeddable":true,"href":"https:\/\/es-exchange.com\/haberler\/index.php?rest_route=%2Fwp%2Fv2%2Fcategories&post=681"},{"taxonomy":"post_tag","embeddable":true,"href":"https:\/\/es-exchange.com\/haberler\/index.php?rest_route=%2Fwp%2Fv2%2Ftags&post=681"}],"curies":[{"name":"wp","href":"https:\/\/api.w.org\/{rel}","templated":true}]}}