{"id":687,"date":"2023-05-31T13:59:33","date_gmt":"2023-05-31T10:59:33","guid":{"rendered":"https:\/\/es-exchange.com\/haberler\/?p=687"},"modified":"2023-05-31T13:59:33","modified_gmt":"2023-05-31T10:59:33","slug":"bakan-nebati-yillik-bazda-en-yuksek-buyuyen-ikinci-ulkeyiz","status":"publish","type":"post","link":"https:\/\/es-exchange.com\/haberler\/?p=687","title":{"rendered":"Bakan Nebati: Y\u0131ll\u0131k bazda en y\u00fcksek b\u00fcy\u00fcyen ikinci \u00fclkeyiz"},"content":{"rendered":"<div class=\"news-content\">\n<p>\n\tHazine ve Maliye Bakan\u0131 Nureddin Nebati, 2023 y\u0131l\u0131 ilk \u00e7eyrek b\u00fcy\u00fcme rakamlar\u0131na ili\u015fkin sosyal medya hesab\u0131ndan yapt\u0131\u011f\u0131 de\u011ferlendirmede \u015funlar\u0131 kaydetti;<\/p>\n<p>\n\tT\u00fcrkiye ekonomisi 2023 y\u0131l\u0131n\u0131n ilk \u00e7eyre\u011finde ge\u00e7en y\u0131l\u0131n ayn\u0131 d\u00f6nemine g\u00f6re reel y\u00fczde 4,0 b\u00fcy\u00fcme kaydetmi\u015ftir. B\u00f6ylece \u00fclkemiz, verisi a\u00e7\u0131klanan AB ve OECD \u00fclkeleri aras\u0131nda y\u0131l\u0131n ilk \u00e7eyre\u011finde y\u0131ll\u0131k bazda en y\u00fcksek b\u00fcy\u00fcyen ikinci \u00fclke olmay\u0131 ba\u015farm\u0131\u015ft\u0131r.<\/p>\n<\/p>\n<div class=\"related-news\">\n<div class=\"related-news-image\"><img loading=\"lazy\" decoding=\"async\" src=\"https:\/\/trthaberstatic.cdn.wp.trt.com.tr\/resimler\/2052000\/sanayi-2053724_3.jpg\" alt=\"B\u00fcy\u00fcme rakamlar\u0131 a\u00e7\u0131kland\u0131\" width=\"220\" height=\"124\"><\/div>\n<div class=\"related-news-title\">B\u00fcy\u00fcme rakamlar\u0131 a\u00e7\u0131kland\u0131<\/div>\n<\/div>\n<p>\n\tS\u0131k\u0131 k\u00fcresel finansal ko\u015fullar\u0131n devam etti\u011fi ve k\u00fcresel ticaretin zay\u0131f seyretti\u011fi bir d\u00f6nemden ge\u00e7iyoruz. Zorlu d\u0131\u015f konjonkt\u00fcr\u00fcn yan\u0131 s\u0131ra asr\u0131n deprem felaketini de ya\u015fad\u0131\u011f\u0131m\u0131z bu d\u00f6nemde yat\u0131r\u0131m, \u00fcretim ve istihdamdan asla taviz vermedik. Mali disiplinle elde etti\u011fimiz mali alan sayesinde, depremin ekonomimiz \u00fczerinde a\u00e7t\u0131\u011f\u0131 yaralar\u0131 g\u00fcnbeg\u00fcn telafi ediyoruz.<\/p>\n<p>\n\tAyr\u0131ca, potansiyel \u00fcretimin artmas\u0131 ve s\u00fcrd\u00fcr\u00fclebilir b\u00fcy\u00fcmenin devam\u0131 i\u00e7in \u00f6nem arz eden makine ve te\u00e7hizat yat\u0131r\u0131mlar\u0131 ge\u00e7en y\u0131l\u0131n ayn\u0131 \u00e7eyre\u011fine g\u00f6re y\u00fczde 8,0 b\u00fcy\u00fcm\u00fc\u015f ve kesintisiz art\u0131\u015f\u0131n\u0131 14\u2019\u00fcnc\u00fc \u00e7eyre\u011fe ta\u015f\u0131m\u0131\u015ft\u0131r.<\/p>\n<p>\n\tBilinmelidir ki ilk \u00e7eyrekte sadece y\u00fcksek b\u00fcy\u00fcme ger\u00e7ekle\u015fmemi\u015f, ayn\u0131 zamanda b\u00fcy\u00fcmenin kapsay\u0131c\u0131l\u0131\u011f\u0131 da korunmu\u015ftur. 2023 y\u0131l\u0131 ilk \u00e7eyre\u011finde istihdam, ge\u00e7en y\u0131l\u0131n ayn\u0131 d\u00f6nemine g\u00f6re yakla\u015f\u0131k 1,6 milyon ki\u015fi artarken, i\u015fsizlik oran\u0131 y\u00fczde 9,9\u2019a d\u00fc\u015ferek tek haneye gerilemi\u015ftir.<\/p>\n<p>\n\t\u00d6te yandan, dar ve sabit gelirli kesimlere y\u00f6nelik atm\u0131\u015f oldu\u011fumuz ad\u0131mlar sayesinde i\u015f g\u00fcc\u00fc \u00f6demelerinin Gayrisafi Katma De\u011fer i\u00e7erisindeki pay\u0131 bir \u00f6nceki y\u0131l\u0131n ayn\u0131 d\u00f6nemine g\u00f6re 6,8 puan artarak y\u00fczde 38\u2019e y\u00fckselmi\u015ftir.<\/p>\n<p>\n\tSe\u00e7im belirsizli\u011finin ortadan kalkt\u0131\u011f\u0131 \u00f6n\u00fcm\u00fczdeki d\u00f6nemde, vatanda\u015flar\u0131m\u0131z\u0131n refah seviyesini daha ilerilere ta\u015f\u0131maya kararl\u0131l\u0131kla devam edece\u011fiz.\u00a0<\/p>\n<div class=\"news-tags\">\n<div class=\"title\">ET\u0130KETLER<\/div>\n<div class=\"tags\">\n                                                                            Ekonomik B\u00fcy\u00fcme<br \/>\n                                                                            Hazine ve Maliye Bakanl\u0131\u011f\u0131<br \/>\n                                                                            Nureddin Nebati\n                                                                    <\/div>\n<\/p><\/div>\n<\/p><\/div>\n","protected":false},"excerpt":{"rendered":"<p>Hazine ve Maliye Bakan\u0131 Nureddin Nebati, 2023 y\u0131l\u0131 ilk \u00e7eyrek b\u00fcy\u00fcme rakamlar\u0131na ili\u015fkin sosyal medya&#8230;<\/p>\n","protected":false},"author":1,"featured_media":137,"comment_status":"open","ping_status":"open","sticky":false,"template":"","format":"standard","meta":{"footnotes":""},"categories":[1],"tags":[69,588,1229,861,159,1230,161,1176],"class_list":["post-687","post","type-post","status-publish","format-standard","has-post-thumbnail","hentry","category-ekonomi-haberleri","tag-bakan","tag-bazda","tag-buyuyen","tag-ikinci","tag-nebati","tag-ulkeyiz","tag-yillik","tag-yuksek"],"yoast_head":"<!-- This site is optimized with the Yoast SEO plugin v20.6 - https:\/\/yoast.com\/wordpress\/plugins\/seo\/ -->\n<title>Bakan Nebati: Y\u0131ll\u0131k bazda en y\u00fcksek b\u00fcy\u00fcyen ikinci \u00fclkeyiz - Es-Exchange Ekonomi Haberleri<\/title>\n<meta name=\"robots\" content=\"index, follow, max-snippet:-1, max-image-preview:large, max-video-preview:-1\" \/>\n<link rel=\"canonical\" href=\"https:\/\/es-exchange.com\/haberler\/?p=687\" \/>\n<meta property=\"og:locale\" content=\"tr_TR\" \/>\n<meta property=\"og:type\" content=\"article\" \/>\n<meta property=\"og:title\" content=\"Bakan Nebati: Y\u0131ll\u0131k bazda en y\u00fcksek b\u00fcy\u00fcyen ikinci \u00fclkeyiz - Es-Exchange Ekonomi Haberleri\" \/>\n<meta property=\"og:description\" content=\"Hazine ve Maliye Bakan\u0131 Nureddin Nebati, 2023 y\u0131l\u0131 ilk \u00e7eyrek b\u00fcy\u00fcme rakamlar\u0131na ili\u015fkin sosyal medya...\" \/>\n<meta property=\"og:url\" content=\"https:\/\/es-exchange.com\/haberler\/?p=687\" \/>\n<meta property=\"og:site_name\" content=\"Es-Exchange Ekonomi Haberleri\" \/>\n<meta property=\"article:published_time\" content=\"2023-05-31T10:59:33+00:00\" \/>\n<meta property=\"og:image\" content=\"https:\/\/trthaberstatic.cdn.wp.trt.com.tr\/resimler\/2052000\/sanayi-2053724_3.jpg\" \/>\n<meta name=\"author\" content=\"SysAdmin\" \/>\n<meta name=\"twitter:card\" content=\"summary_large_image\" \/>\n<meta name=\"twitter:label1\" content=\"Yazan:\" \/>\n\t<meta name=\"twitter:data1\" content=\"SysAdmin\" \/>\n\t<meta name=\"twitter:label2\" content=\"Tahmini okuma s\u00fcresi\" \/>\n\t<meta name=\"twitter:data2\" content=\"2 dakika\" \/>\n<script type=\"application\/ld+json\" class=\"yoast-schema-graph\">{\"@context\":\"https:\/\/schema.org\",\"@graph\":[{\"@type\":\"WebPage\",\"@id\":\"https:\/\/es-exchange.com\/haberler\/?p=687\",\"url\":\"https:\/\/es-exchange.com\/haberler\/?p=687\",\"name\":\"Bakan Nebati: Y\u0131ll\u0131k bazda en y\u00fcksek b\u00fcy\u00fcyen ikinci \u00fclkeyiz - Es-Exchange Ekonomi Haberleri\",\"isPartOf\":{\"@id\":\"https:\/\/es-exchange.com\/haberler\/#website\"},\"datePublished\":\"2023-05-31T10:59:33+00:00\",\"dateModified\":\"2023-05-31T10:59:33+00:00\",\"author\":{\"@id\":\"https:\/\/es-exchange.com\/haberler\/#\/schema\/person\/158dd5fa81df3834f5b3789301ac67bc\"},\"breadcrumb\":{\"@id\":\"https:\/\/es-exchange.com\/haberler\/?p=687#breadcrumb\"},\"inLanguage\":\"tr\",\"potentialAction\":[{\"@type\":\"ReadAction\",\"target\":[\"https:\/\/es-exchange.com\/haberler\/?p=687\"]}]},{\"@type\":\"BreadcrumbList\",\"@id\":\"https:\/\/es-exchange.com\/haberler\/?p=687#breadcrumb\",\"itemListElement\":[{\"@type\":\"ListItem\",\"position\":1,\"name\":\"Anasayfa\",\"item\":\"https:\/\/es-exchange.com\/haberler\"},{\"@type\":\"ListItem\",\"position\":2,\"name\":\"Bakan Nebati: Y\u0131ll\u0131k bazda en y\u00fcksek b\u00fcy\u00fcyen ikinci \u00fclkeyiz\"}]},{\"@type\":\"WebSite\",\"@id\":\"https:\/\/es-exchange.com\/haberler\/#website\",\"url\":\"https:\/\/es-exchange.com\/haberler\/\",\"name\":\"Es-Exchange Ekonomi Haberleri\",\"description\":\"\",\"potentialAction\":[{\"@type\":\"SearchAction\",\"target\":{\"@type\":\"EntryPoint\",\"urlTemplate\":\"https:\/\/es-exchange.com\/haberler\/?s={search_term_string}\"},\"query-input\":\"required name=search_term_string\"}],\"inLanguage\":\"tr\"},{\"@type\":\"Person\",\"@id\":\"https:\/\/es-exchange.com\/haberler\/#\/schema\/person\/158dd5fa81df3834f5b3789301ac67bc\",\"name\":\"SysAdmin\",\"image\":{\"@type\":\"ImageObject\",\"inLanguage\":\"tr\",\"@id\":\"https:\/\/es-exchange.com\/haberler\/#\/schema\/person\/image\/\",\"url\":\"https:\/\/secure.gravatar.com\/avatar\/97e85c10026bf595e73c516bd77b6b8763a73b584e665e0c1425bd2e7295d7b6?s=96&d=mm&r=g\",\"contentUrl\":\"https:\/\/secure.gravatar.com\/avatar\/97e85c10026bf595e73c516bd77b6b8763a73b584e665e0c1425bd2e7295d7b6?s=96&d=mm&r=g\",\"caption\":\"SysAdmin\"},\"sameAs\":[\"https:\/\/es-exchange.com\/haberler\"],\"url\":\"https:\/\/es-exchange.com\/haberler\/?author=1\"}]}<\/script>\n<!-- \/ Yoast SEO plugin. -->","yoast_head_json":{"title":"Bakan Nebati: Y\u0131ll\u0131k bazda en y\u00fcksek b\u00fcy\u00fcyen ikinci \u00fclkeyiz - Es-Exchange Ekonomi Haberleri","robots":{"index":"index","follow":"follow","max-snippet":"max-snippet:-1","max-image-preview":"max-image-preview:large","max-video-preview":"max-video-preview:-1"},"canonical":"https:\/\/es-exchange.com\/haberler\/?p=687","og_locale":"tr_TR","og_type":"article","og_title":"Bakan Nebati: Y\u0131ll\u0131k bazda en y\u00fcksek b\u00fcy\u00fcyen ikinci \u00fclkeyiz - Es-Exchange Ekonomi Haberleri","og_description":"Hazine ve Maliye Bakan\u0131 Nureddin Nebati, 2023 y\u0131l\u0131 ilk \u00e7eyrek b\u00fcy\u00fcme rakamlar\u0131na ili\u015fkin sosyal medya...","og_url":"https:\/\/es-exchange.com\/haberler\/?p=687","og_site_name":"Es-Exchange Ekonomi Haberleri","article_published_time":"2023-05-31T10:59:33+00:00","og_image":[{"url":"https:\/\/trthaberstatic.cdn.wp.trt.com.tr\/resimler\/2052000\/sanayi-2053724_3.jpg"}],"author":"SysAdmin","twitter_card":"summary_large_image","twitter_misc":{"Yazan:":"SysAdmin","Tahmini okuma s\u00fcresi":"2 dakika"},"schema":{"@context":"https:\/\/schema.org","@graph":[{"@type":"WebPage","@id":"https:\/\/es-exchange.com\/haberler\/?p=687","url":"https:\/\/es-exchange.com\/haberler\/?p=687","name":"Bakan Nebati: Y\u0131ll\u0131k bazda en y\u00fcksek b\u00fcy\u00fcyen ikinci \u00fclkeyiz - Es-Exchange Ekonomi Haberleri","isPartOf":{"@id":"https:\/\/es-exchange.com\/haberler\/#website"},"datePublished":"2023-05-31T10:59:33+00:00","dateModified":"2023-05-31T10:59:33+00:00","author":{"@id":"https:\/\/es-exchange.com\/haberler\/#\/schema\/person\/158dd5fa81df3834f5b3789301ac67bc"},"breadcrumb":{"@id":"https:\/\/es-exchange.com\/haberler\/?p=687#breadcrumb"},"inLanguage":"tr","potentialAction":[{"@type":"ReadAction","target":["https:\/\/es-exchange.com\/haberler\/?p=687"]}]},{"@type":"BreadcrumbList","@id":"https:\/\/es-exchange.com\/haberler\/?p=687#breadcrumb","itemListElement":[{"@type":"ListItem","position":1,"name":"Anasayfa","item":"https:\/\/es-exchange.com\/haberler"},{"@type":"ListItem","position":2,"name":"Bakan Nebati: Y\u0131ll\u0131k bazda en y\u00fcksek b\u00fcy\u00fcyen ikinci \u00fclkeyiz"}]},{"@type":"WebSite","@id":"https:\/\/es-exchange.com\/haberler\/#website","url":"https:\/\/es-exchange.com\/haberler\/","name":"Es-Exchange Ekonomi Haberleri","description":"","potentialAction":[{"@type":"SearchAction","target":{"@type":"EntryPoint","urlTemplate":"https:\/\/es-exchange.com\/haberler\/?s={search_term_string}"},"query-input":"required name=search_term_string"}],"inLanguage":"tr"},{"@type":"Person","@id":"https:\/\/es-exchange.com\/haberler\/#\/schema\/person\/158dd5fa81df3834f5b3789301ac67bc","name":"SysAdmin","image":{"@type":"ImageObject","inLanguage":"tr","@id":"https:\/\/es-exchange.com\/haberler\/#\/schema\/person\/image\/","url":"https:\/\/secure.gravatar.com\/avatar\/97e85c10026bf595e73c516bd77b6b8763a73b584e665e0c1425bd2e7295d7b6?s=96&d=mm&r=g","contentUrl":"https:\/\/secure.gravatar.com\/avatar\/97e85c10026bf595e73c516bd77b6b8763a73b584e665e0c1425bd2e7295d7b6?s=96&d=mm&r=g","caption":"SysAdmin"},"sameAs":["https:\/\/es-exchange.com\/haberler"],"url":"https:\/\/es-exchange.com\/haberler\/?author=1"}]}},"_links":{"self":[{"href":"https:\/\/es-exchange.com\/haberler\/index.php?rest_route=\/wp\/v2\/posts\/687","targetHints":{"allow":["GET"]}}],"collection":[{"href":"https:\/\/es-exchange.com\/haberler\/index.php?rest_route=\/wp\/v2\/posts"}],"about":[{"href":"https:\/\/es-exchange.com\/haberler\/index.php?rest_route=\/wp\/v2\/types\/post"}],"author":[{"embeddable":true,"href":"https:\/\/es-exchange.com\/haberler\/index.php?rest_route=\/wp\/v2\/users\/1"}],"replies":[{"embeddable":true,"href":"https:\/\/es-exchange.com\/haberler\/index.php?rest_route=%2Fwp%2Fv2%2Fcomments&post=687"}],"version-history":[{"count":0,"href":"https:\/\/es-exchange.com\/haberler\/index.php?rest_route=\/wp\/v2\/posts\/687\/revisions"}],"wp:featuredmedia":[{"embeddable":true,"href":"https:\/\/es-exchange.com\/haberler\/index.php?rest_route=\/wp\/v2\/media\/137"}],"wp:attachment":[{"href":"https:\/\/es-exchange.com\/haberler\/index.php?rest_route=%2Fwp%2Fv2%2Fmedia&parent=687"}],"wp:term":[{"taxonomy":"category","embeddable":true,"href":"https:\/\/es-exchange.com\/haberler\/index.php?rest_route=%2Fwp%2Fv2%2Fcategories&post=687"},{"taxonomy":"post_tag","embeddable":true,"href":"https:\/\/es-exchange.com\/haberler\/index.php?rest_route=%2Fwp%2Fv2%2Ftags&post=687"}],"curies":[{"name":"wp","href":"https:\/\/api.w.org\/{rel}","templated":true}]}}