{"id":8540,"date":"2024-05-28T12:42:37","date_gmt":"2024-05-28T09:42:37","guid":{"rendered":"https:\/\/es-exchange.com\/haberler\/?p=8540"},"modified":"2024-05-28T12:42:37","modified_gmt":"2024-05-28T09:42:37","slug":"turkiyedeki-cok-uluslu-sirketlere-asgari-kurumlar-vergisi-uygulanacak","status":"publish","type":"post","link":"https:\/\/es-exchange.com\/haberler\/?p=8540","title":{"rendered":"T\u00fcrkiye&#8217;deki \u00e7ok uluslu \u015firketlere asgari kurumlar vergisi uygulanacak"},"content":{"rendered":"<div class=\"news-content\">\n<p>\n\tHazine ve Maliye Bakan\u0131 Mehmet \u015eim\u015fek, \u00e7ok uluslu \u015firketlerden asgari kurumlar vergisi al\u0131nmas\u0131 i\u00e7in d\u00fcnya genelinde \u00e7al\u0131\u015fma y\u00fcr\u00fct\u00fcld\u00fc\u011f\u00fcn\u00fc belirterek, &#8220;T\u00fcrkiye&#8217;de faaliyette bulunan \u00e7ok uluslu \u015firketlerden asgari kurumlar vergisi al\u0131nmas\u0131 y\u00f6n\u00fcnde d\u00fczenleme yap\u0131lmas\u0131 ka\u00e7\u0131n\u0131lmaz. Aksi halde \u00fclkemizin almad\u0131\u011f\u0131 vergi bir ba\u015fka \u00fclke taraf\u0131ndan al\u0131nacak.&#8221; dedi.<\/p>\n<p>\n\tHazine ve Maliye Bakan\u0131 \u015eim\u015fek, \u00e7ok uluslu \u015firketlerden asgari kurumlar vergisi al\u0131nmas\u0131 i\u00e7in d\u00fcnya genelinde \u00e7al\u0131\u015fmalar y\u00fcr\u00fct\u00fcld\u00fc\u011f\u00fcn\u00fc,<\/p>\n<p>\n\tHazine ve Maliye Bakan\u0131 Mehmet \u015eim\u015fek, haz\u0131rl\u0131klar\u0131 y\u00fcr\u00fct\u00fclen asgari kurumlar vergisi uygulamas\u0131na ili\u015fkin de\u011ferlendirmede bulundu.<\/p>\n<p>\n\tAsgari kurumlar vergisinin t\u00fcm \u00fclkelerin g\u00fcndeminde oldu\u011funa i\u015faret eden \u015eim\u015fek, asgari kurumlar vergisini yasala\u015ft\u0131rmayan \u00fclkelerin vergileme hakk\u0131n\u0131 ba\u015fka \u00fclkeye b\u0131rakm\u0131\u015f olaca\u011f\u0131n\u0131 s\u00f6yledi.<\/p>\n<p>\n\t\u015eim\u015fek, 2021 y\u0131l\u0131nda OECD&#8217;nin organizasyonu kapsam\u0131nda d\u00fcnyada yakla\u015f\u0131k 140 \u00fclkenin k\u00fcresel asgari kurumlar vergisi konusunda mutab\u0131k kald\u0131\u011f\u0131na dikkati \u00e7ekerek, &#8220;Al\u0131nan mutabakat karar\u0131yla y\u0131ll\u0131k konsolide has\u0131lat\u0131 750 milyon euro e\u015fi\u011fini a\u015fan \u00e7ok uluslu \u015firketlerin d\u00fc\u015f\u00fck vergileme yap\u0131lan \u00fclkelerdeki \u015fube, i\u015ftirak ve i\u015f yerlerinin asgari y\u00fczde 15 kurumlar vergisine tabi tutulmas\u0131 \u00f6ng\u00f6r\u00fcld\u00fc. Bu kapsamda ba\u015fta Avrupa Birli\u011fi (AB) \u00fclkeleri olmak \u00fczere 30&#8217;dan fazla \u00fclke 2024 y\u0131l\u0131 kazan\u00e7lar\u0131na uygulanmak \u00fczere asgari kurumlar vergisi uygulamas\u0131n\u0131 yasala\u015ft\u0131rd\u0131.&#8221; diye konu\u015ftu.<\/p>\n<p>\n\tDi\u011fer \u00fclkelerde de yasala\u015ft\u0131rma \u00e7al\u0131\u015fmalar\u0131n\u0131n devam etti\u011fini dile getiren \u015eim\u015fek, uygulaman\u0131n detaylar\u0131na ili\u015fkin \u015fu bilgiyi verdi:<\/p>\n<p>\n\t&#8220;\u00c7ok uluslu \u015firketlerin faaliyette bulundu\u011fu \u00fclkede \u00f6dedi\u011fi kurumlar vergisi y\u00fck\u00fc y\u00fczde 15&#8217;ten a\u015fa\u011f\u0131da ise asgari kurumlar vergisi uygulamas\u0131n\u0131 yasala\u015ft\u0131ran \u00fclkeler, ilgili \u00fclkenin almad\u0131\u011f\u0131 vergi fark\u0131n\u0131 alabilecek. Fark vergi alma hakk\u0131 \u00f6ncelikle \u015firketin faaliyette bulundu\u011fu \u00fclkede. Bu \u00fclkede asgari kurumlar vergisi uygulamas\u0131 yoksa \u015firketin ana merkezinin oldu\u011fu \u00fclke bu vergiyi alabiliyor. Burada da asgari kurumlar vergisi uygulamas\u0131 yoksa ayn\u0131 gruba dahil \u015firketlerin bulundu\u011fu \u00fc\u00e7\u00fcnc\u00fc \u00fclke taraf\u0131ndan bu vergi al\u0131nabilecek. Kurulan model, \u00e7ok uluslu \u015firketlerin kazan\u00e7lar\u0131n\u0131n her hal ve takdirde y\u00fczde 15 vergi y\u00fck\u00fc ta\u015f\u0131mas\u0131n\u0131 ama\u00e7l\u0131yor.&#8221;<\/p>\n<h2>\n\t<strong>&#8220;Vergileme hakk\u0131ndan vazge\u00e7memek i\u00e7in uygulanmas\u0131 gerekiyor&#8221;<\/strong><\/h2>\n<p>\n\t\u015eim\u015fek, asgari kurumlar vergisi uygulamas\u0131na ge\u00e7meyen \u00fclkelerin vergileme haklar\u0131n\u0131 bir ba\u015fka \u00fclkeye devretmi\u015f olmas\u0131 nedeniyle di\u011fer \u00fclkelerin bu konuda yasama \u00e7al\u0131\u015fmalar\u0131na h\u0131z verdi\u011fini belirterek, &#8220;\u00dclkemizde de \u00e7ok uluslu \u015firketler faaliyette bulunuyor. T\u00fcrkiye&#8217;de faaliyette bulunan \u00e7ok uluslu \u015firketlerden asgari kurumlar vergisi al\u0131nmas\u0131 y\u00f6n\u00fcnde d\u00fczenleme yap\u0131lmas\u0131 ka\u00e7\u0131n\u0131lmaz. Aksi halde \u00fclkemizin almad\u0131\u011f\u0131 vergi bir ba\u015fka \u00fclke taraf\u0131ndan al\u0131nacak.&#8221; ifadelerini kulland\u0131.<\/p>\n<h2>\n\t<strong>Haz\u0131rl\u0131klar son a\u015famaya geldi<\/strong><\/h2>\n<p>\n\tVergileme hakk\u0131ndan vazge\u00e7memek i\u00e7in T\u00fcrkiye&#8217;de de asgari kurumlar vergisi uygulanmas\u0131 gerekti\u011fini vurgulayan \u015eim\u015fek, \u00e7ok uluslu \u015firketlere y\u00f6nelik bu uygulaman\u0131n getirilmesi y\u00f6n\u00fcnde \u00e7al\u0131\u015fmalar yap\u0131ld\u0131\u011f\u0131n\u0131 ve haz\u0131rl\u0131klar\u0131n son a\u015famaya geldi\u011fini bildirdi.<\/p>\n<p>\n\tT\u00fcrkiye&#8217;de faaliyette bulunan uluslararas\u0131 sermayeli \u015firket say\u0131s\u0131n\u0131n yakla\u015f\u0131k 80 bin civar\u0131nda oldu\u011funu ve bunlardan ana i\u015fletmesi yurt d\u0131\u015f\u0131nda olan 2 bin 134 i\u015fletmenin bulundu\u011funu aktaran \u015eim\u015fek, \u015funlar\u0131 kaydetti:<\/p>\n<p>\n\t&#8220;\u00dclkemize yat\u0131r\u0131m yapan \u00e7ok uluslu \u015firketlerin sadece y\u00fczde 2,5 gibi bir k\u0131sm\u0131 750 milyon avro e\u015fi\u011fini a\u015fmakta olup, bunlar\u0131n kazanm\u0131\u015f olduklar\u0131 vergi te\u015fviklerinin nas\u0131l korunabilece\u011fi, farkl\u0131 alanlarda nas\u0131l de\u011ferlendirilebilece\u011fi konusunda alternatif modeller \u00fczerinde de \u00e7al\u0131\u015f\u0131l\u0131yor. Bakanl\u0131k olarak Sanayi ve Teknoloji Bakanl\u0131\u011f\u0131 ile s\u0131k\u0131 bir \u00e7al\u0131\u015fma y\u00fcr\u00fcterek \u00fclkemize yat\u0131r\u0131m yap\u0131lmas\u0131n\u0131 te\u015fvik etmeye devam edecek alternatifler geli\u015ftiriyoruz.&#8221;<\/p>\n<div class=\"news-tags\">\n<div class=\"title\">ET\u0130KETLER<\/div>\n<div class=\"tags\">\n                                                                            Hazine ve Maliye Bakanl\u0131\u011f\u0131<br \/>\n                                                                            Mehmet \u015eim\u015fek<br \/>\n                                                                            Vergi\n                                                                    <\/div>\n<\/p><\/div>\n<\/p><\/div>\n","protected":false},"excerpt":{"rendered":"<p>Hazine ve Maliye Bakan\u0131 Mehmet \u015eim\u015fek, \u00e7ok uluslu \u015firketlerden asgari kurumlar vergisi al\u0131nmas\u0131 i\u00e7in d\u00fcnya&#8230;<\/p>\n","protected":false},"author":1,"featured_media":325,"comment_status":"open","ping_status":"open","sticky":false,"template":"","format":"standard","meta":{"footnotes":""},"categories":[1],"tags":[1288,209,2643,2884,1956,7591,2206,1478],"class_list":["post-8540","post","type-post","status-publish","format-standard","has-post-thumbnail","hentry","category-ekonomi-haberleri","tag-asgari","tag-cok","tag-kurumlar","tag-sirketlere","tag-turkiyedeki","tag-uluslu","tag-uygulanacak","tag-vergisi"],"yoast_head":"<!-- This site is optimized with the Yoast SEO plugin v20.6 - https:\/\/yoast.com\/wordpress\/plugins\/seo\/ -->\n<title>T\u00fcrkiye&#039;deki \u00e7ok uluslu \u015firketlere asgari kurumlar vergisi uygulanacak - Es-Exchange Ekonomi Haberleri<\/title>\n<meta name=\"robots\" content=\"index, follow, max-snippet:-1, max-image-preview:large, max-video-preview:-1\" \/>\n<link rel=\"canonical\" href=\"https:\/\/es-exchange.com\/haberler\/?p=8540\" \/>\n<meta property=\"og:locale\" content=\"tr_TR\" \/>\n<meta property=\"og:type\" content=\"article\" \/>\n<meta property=\"og:title\" content=\"T\u00fcrkiye&#039;deki \u00e7ok uluslu \u015firketlere asgari kurumlar vergisi uygulanacak - Es-Exchange Ekonomi Haberleri\" \/>\n<meta property=\"og:description\" content=\"Hazine ve Maliye Bakan\u0131 Mehmet \u015eim\u015fek, \u00e7ok uluslu \u015firketlerden asgari kurumlar vergisi al\u0131nmas\u0131 i\u00e7in d\u00fcnya...\" \/>\n<meta property=\"og:url\" content=\"https:\/\/es-exchange.com\/haberler\/?p=8540\" \/>\n<meta property=\"og:site_name\" content=\"Es-Exchange Ekonomi Haberleri\" \/>\n<meta property=\"article:published_time\" content=\"2024-05-28T09:42:37+00:00\" \/>\n<meta name=\"author\" content=\"SysAdmin\" \/>\n<meta name=\"twitter:card\" content=\"summary_large_image\" \/>\n<meta name=\"twitter:label1\" content=\"Yazan:\" \/>\n\t<meta name=\"twitter:data1\" content=\"SysAdmin\" \/>\n\t<meta name=\"twitter:label2\" content=\"Tahmini okuma s\u00fcresi\" \/>\n\t<meta name=\"twitter:data2\" content=\"3 dakika\" \/>\n<script type=\"application\/ld+json\" class=\"yoast-schema-graph\">{\"@context\":\"https:\/\/schema.org\",\"@graph\":[{\"@type\":\"WebPage\",\"@id\":\"https:\/\/es-exchange.com\/haberler\/?p=8540\",\"url\":\"https:\/\/es-exchange.com\/haberler\/?p=8540\",\"name\":\"T\u00fcrkiye'deki \u00e7ok uluslu \u015firketlere asgari kurumlar vergisi uygulanacak - Es-Exchange Ekonomi Haberleri\",\"isPartOf\":{\"@id\":\"https:\/\/es-exchange.com\/haberler\/#website\"},\"datePublished\":\"2024-05-28T09:42:37+00:00\",\"dateModified\":\"2024-05-28T09:42:37+00:00\",\"author\":{\"@id\":\"https:\/\/es-exchange.com\/haberler\/#\/schema\/person\/158dd5fa81df3834f5b3789301ac67bc\"},\"breadcrumb\":{\"@id\":\"https:\/\/es-exchange.com\/haberler\/?p=8540#breadcrumb\"},\"inLanguage\":\"tr\",\"potentialAction\":[{\"@type\":\"ReadAction\",\"target\":[\"https:\/\/es-exchange.com\/haberler\/?p=8540\"]}]},{\"@type\":\"BreadcrumbList\",\"@id\":\"https:\/\/es-exchange.com\/haberler\/?p=8540#breadcrumb\",\"itemListElement\":[{\"@type\":\"ListItem\",\"position\":1,\"name\":\"Anasayfa\",\"item\":\"https:\/\/es-exchange.com\/haberler\"},{\"@type\":\"ListItem\",\"position\":2,\"name\":\"T\u00fcrkiye&#8217;deki \u00e7ok uluslu \u015firketlere asgari kurumlar vergisi uygulanacak\"}]},{\"@type\":\"WebSite\",\"@id\":\"https:\/\/es-exchange.com\/haberler\/#website\",\"url\":\"https:\/\/es-exchange.com\/haberler\/\",\"name\":\"Es-Exchange Ekonomi Haberleri\",\"description\":\"\",\"potentialAction\":[{\"@type\":\"SearchAction\",\"target\":{\"@type\":\"EntryPoint\",\"urlTemplate\":\"https:\/\/es-exchange.com\/haberler\/?s={search_term_string}\"},\"query-input\":\"required name=search_term_string\"}],\"inLanguage\":\"tr\"},{\"@type\":\"Person\",\"@id\":\"https:\/\/es-exchange.com\/haberler\/#\/schema\/person\/158dd5fa81df3834f5b3789301ac67bc\",\"name\":\"SysAdmin\",\"image\":{\"@type\":\"ImageObject\",\"inLanguage\":\"tr\",\"@id\":\"https:\/\/es-exchange.com\/haberler\/#\/schema\/person\/image\/\",\"url\":\"https:\/\/secure.gravatar.com\/avatar\/97e85c10026bf595e73c516bd77b6b8763a73b584e665e0c1425bd2e7295d7b6?s=96&d=mm&r=g\",\"contentUrl\":\"https:\/\/secure.gravatar.com\/avatar\/97e85c10026bf595e73c516bd77b6b8763a73b584e665e0c1425bd2e7295d7b6?s=96&d=mm&r=g\",\"caption\":\"SysAdmin\"},\"sameAs\":[\"https:\/\/es-exchange.com\/haberler\"],\"url\":\"https:\/\/es-exchange.com\/haberler\/?author=1\"}]}<\/script>\n<!-- \/ Yoast SEO plugin. -->","yoast_head_json":{"title":"T\u00fcrkiye'deki \u00e7ok uluslu \u015firketlere asgari kurumlar vergisi uygulanacak - Es-Exchange Ekonomi Haberleri","robots":{"index":"index","follow":"follow","max-snippet":"max-snippet:-1","max-image-preview":"max-image-preview:large","max-video-preview":"max-video-preview:-1"},"canonical":"https:\/\/es-exchange.com\/haberler\/?p=8540","og_locale":"tr_TR","og_type":"article","og_title":"T\u00fcrkiye'deki \u00e7ok uluslu \u015firketlere asgari kurumlar vergisi uygulanacak - Es-Exchange Ekonomi Haberleri","og_description":"Hazine ve Maliye Bakan\u0131 Mehmet \u015eim\u015fek, \u00e7ok uluslu \u015firketlerden asgari kurumlar vergisi al\u0131nmas\u0131 i\u00e7in d\u00fcnya...","og_url":"https:\/\/es-exchange.com\/haberler\/?p=8540","og_site_name":"Es-Exchange Ekonomi Haberleri","article_published_time":"2024-05-28T09:42:37+00:00","author":"SysAdmin","twitter_card":"summary_large_image","twitter_misc":{"Yazan:":"SysAdmin","Tahmini okuma s\u00fcresi":"3 dakika"},"schema":{"@context":"https:\/\/schema.org","@graph":[{"@type":"WebPage","@id":"https:\/\/es-exchange.com\/haberler\/?p=8540","url":"https:\/\/es-exchange.com\/haberler\/?p=8540","name":"T\u00fcrkiye'deki \u00e7ok uluslu \u015firketlere asgari kurumlar vergisi uygulanacak - Es-Exchange Ekonomi Haberleri","isPartOf":{"@id":"https:\/\/es-exchange.com\/haberler\/#website"},"datePublished":"2024-05-28T09:42:37+00:00","dateModified":"2024-05-28T09:42:37+00:00","author":{"@id":"https:\/\/es-exchange.com\/haberler\/#\/schema\/person\/158dd5fa81df3834f5b3789301ac67bc"},"breadcrumb":{"@id":"https:\/\/es-exchange.com\/haberler\/?p=8540#breadcrumb"},"inLanguage":"tr","potentialAction":[{"@type":"ReadAction","target":["https:\/\/es-exchange.com\/haberler\/?p=8540"]}]},{"@type":"BreadcrumbList","@id":"https:\/\/es-exchange.com\/haberler\/?p=8540#breadcrumb","itemListElement":[{"@type":"ListItem","position":1,"name":"Anasayfa","item":"https:\/\/es-exchange.com\/haberler"},{"@type":"ListItem","position":2,"name":"T\u00fcrkiye&#8217;deki \u00e7ok uluslu \u015firketlere asgari kurumlar vergisi uygulanacak"}]},{"@type":"WebSite","@id":"https:\/\/es-exchange.com\/haberler\/#website","url":"https:\/\/es-exchange.com\/haberler\/","name":"Es-Exchange Ekonomi Haberleri","description":"","potentialAction":[{"@type":"SearchAction","target":{"@type":"EntryPoint","urlTemplate":"https:\/\/es-exchange.com\/haberler\/?s={search_term_string}"},"query-input":"required name=search_term_string"}],"inLanguage":"tr"},{"@type":"Person","@id":"https:\/\/es-exchange.com\/haberler\/#\/schema\/person\/158dd5fa81df3834f5b3789301ac67bc","name":"SysAdmin","image":{"@type":"ImageObject","inLanguage":"tr","@id":"https:\/\/es-exchange.com\/haberler\/#\/schema\/person\/image\/","url":"https:\/\/secure.gravatar.com\/avatar\/97e85c10026bf595e73c516bd77b6b8763a73b584e665e0c1425bd2e7295d7b6?s=96&d=mm&r=g","contentUrl":"https:\/\/secure.gravatar.com\/avatar\/97e85c10026bf595e73c516bd77b6b8763a73b584e665e0c1425bd2e7295d7b6?s=96&d=mm&r=g","caption":"SysAdmin"},"sameAs":["https:\/\/es-exchange.com\/haberler"],"url":"https:\/\/es-exchange.com\/haberler\/?author=1"}]}},"_links":{"self":[{"href":"https:\/\/es-exchange.com\/haberler\/index.php?rest_route=\/wp\/v2\/posts\/8540","targetHints":{"allow":["GET"]}}],"collection":[{"href":"https:\/\/es-exchange.com\/haberler\/index.php?rest_route=\/wp\/v2\/posts"}],"about":[{"href":"https:\/\/es-exchange.com\/haberler\/index.php?rest_route=\/wp\/v2\/types\/post"}],"author":[{"embeddable":true,"href":"https:\/\/es-exchange.com\/haberler\/index.php?rest_route=\/wp\/v2\/users\/1"}],"replies":[{"embeddable":true,"href":"https:\/\/es-exchange.com\/haberler\/index.php?rest_route=%2Fwp%2Fv2%2Fcomments&post=8540"}],"version-history":[{"count":0,"href":"https:\/\/es-exchange.com\/haberler\/index.php?rest_route=\/wp\/v2\/posts\/8540\/revisions"}],"wp:featuredmedia":[{"embeddable":true,"href":"https:\/\/es-exchange.com\/haberler\/index.php?rest_route=\/wp\/v2\/media\/325"}],"wp:attachment":[{"href":"https:\/\/es-exchange.com\/haberler\/index.php?rest_route=%2Fwp%2Fv2%2Fmedia&parent=8540"}],"wp:term":[{"taxonomy":"category","embeddable":true,"href":"https:\/\/es-exchange.com\/haberler\/index.php?rest_route=%2Fwp%2Fv2%2Fcategories&post=8540"},{"taxonomy":"post_tag","embeddable":true,"href":"https:\/\/es-exchange.com\/haberler\/index.php?rest_route=%2Fwp%2Fv2%2Ftags&post=8540"}],"curies":[{"name":"wp","href":"https:\/\/api.w.org\/{rel}","templated":true}]}}